{"id":4341,"date":"2023-07-12T18:21:01","date_gmt":"2023-07-12T18:21:01","guid":{"rendered":"https:\/\/150elements.mnactec.cat\/company\/fragua-del-comu\/"},"modified":"2023-07-28T14:56:33","modified_gmt":"2023-07-28T14:56:33","slug":"fragua-del-comu","status":"publish","type":"post","link":"https:\/\/150elements.mnactec.cat\/es\/company\/fragua-del-comu\/","title":{"rendered":"Fragua del Com\u00fa"},"content":{"rendered":"\n<p>Tambi\u00e9n conocida como fragua de los Escatllar. Situada junto al Rec Major (acequia mayor), se fund\u00f3 en 1685. Inicialmente trabajaba hierro, para pasar poco despu\u00e9s al cobre. A finales del s.XIX, el edificio se ampli\u00f3 como molino papelero de los Escatllar. Cerr\u00f3 a finales de los a\u00f1os cincuenta.<\/p>\n\n<p>Desde su cierre hasta 1977, a\u00f1o en que se iniciaron las primeras acciones para salvaguardar una de las dos fraguas enteras que todav\u00eda quedaban en Catalu\u00f1a (la otra es la de Ripoll), el edificio se destin\u00f3 a diferentes usos, ninguno de los cuales estaba relacionado con la actividad inicial. Esto aceler\u00f3 su abandono, a pesar de que los elementos patrimoniales m\u00e1s destacados se han conservado. Sin embargo, el hecho de no estar situada cerca de ning\u00fan curso de agua \u2014ya que esta procede de l\u2019Estany con el Rec Major\u2014 ha motivado que, a diferencia de la mayor\u00eda de las fraguas de este estilo existentes en Catalu\u00f1a, no haya sufrido ning\u00fan tipo de inundaci\u00f3n.<\/p>\n\n<p>El edificio est\u00e1 formado por dos cuerpos de diferente nivel. El obrador se sit\u00faa en el m\u00e1s bajo, donde se conserva el martinete original y dos martinetes m\u00e1s que se utilizaban de repuesto del primero.<\/p>\n\n<p>Actualmente se ha recuperado la producci\u00f3n artesanal de papel y el edificio es visitable.<\/p>\n","protected":false},"excerpt":{"rendered":"<p>Tambi\u00e9n conocida como fragua de los Escatllar. Situada junto al Rec Major (acequia mayor), se fund\u00f3 en 1685. Inicialmente trabajaba hierro, para pasar poco despu\u00e9s al cobre. A finales del s.XIX, el edificio se ampli\u00f3 como molino papelero de los Escatllar. Cerr\u00f3 a finales de los a\u00f1os cincuenta. Desde su cierre hasta 1977, a\u00f1o en [&hellip;]<\/p>\n","protected":false},"author":1,"featured_media":2125,"comment_status":"closed","ping_status":"closed","sticky":false,"template":"","format":"standard","meta":{"footnotes":""},"categories":[80,81],"tags":[330,199],"class_list":["post-4341","post","type-post","status-publish","format-standard","has-post-thumbnail","hentry","category-actividades-preindustriales","category-fraguas","tag-banyoles-es","tag-pla-de-lestany-es"],"acf":[],"yoast_head":"<!-- This site is optimized with the Yoast SEO plugin v21.3 - https:\/\/yoast.com\/wordpress\/plugins\/seo\/ -->\n<title>Fragua del Com\u00fa - MNACTEC<\/title>\n<meta name=\"robots\" content=\"index, follow, max-snippet:-1, max-image-preview:large, max-video-preview:-1\" \/>\n<link rel=\"canonical\" href=\"https:\/\/150elements.mnactec.cat\/es\/company\/fragua-del-comu\/\" \/>\n<meta property=\"og:locale\" content=\"es_ES\" \/>\n<meta property=\"og:type\" content=\"article\" \/>\n<meta property=\"og:title\" content=\"Fragua del Com\u00fa - MNACTEC\" \/>\n<meta property=\"og:description\" content=\"Tambi\u00e9n conocida como fragua de los Escatllar. Situada junto al Rec Major (acequia mayor), se fund\u00f3 en 1685. Inicialmente trabajaba hierro, para pasar poco despu\u00e9s al cobre. A finales del s.XIX, el edificio se ampli\u00f3 como molino papelero de los Escatllar. Cerr\u00f3 a finales de los a\u00f1os cincuenta. Desde su cierre hasta 1977, a\u00f1o en [&hellip;]\" \/>\n<meta property=\"og:url\" content=\"https:\/\/150elements.mnactec.cat\/es\/company\/fragua-del-comu\/\" \/>\n<meta property=\"og:site_name\" content=\"MNACTEC\" \/>\n<meta property=\"article:publisher\" content=\"https:\/\/www.facebook.com\/mnactec\" \/>\n<meta property=\"article:published_time\" content=\"2023-07-12T18:21:01+00:00\" \/>\n<meta property=\"article:modified_time\" content=\"2023-07-28T14:56:33+00:00\" \/>\n<meta property=\"og:image\" content=\"https:\/\/150elements.mnactec.cat\/wp-content\/uploads\/2023\/06\/10-Farga-del-Comu-Banyoles-Foto-Teresa-Llorde-s.jpg\" \/>\n\t<meta property=\"og:image:width\" content=\"800\" \/>\n\t<meta property=\"og:image:height\" content=\"600\" \/>\n\t<meta property=\"og:image:type\" content=\"image\/jpeg\" \/>\n<meta name=\"author\" content=\"Judit\" \/>\n<meta name=\"twitter:card\" content=\"summary_large_image\" \/>\n<meta name=\"twitter:creator\" content=\"@mnactec\" \/>\n<meta name=\"twitter:site\" content=\"@mnactec\" \/>\n<meta name=\"twitter:label1\" content=\"Escrito por\" \/>\n\t<meta name=\"twitter:data1\" content=\"Judit\" \/>\n\t<meta name=\"twitter:label2\" content=\"Tiempo de lectura\" \/>\n\t<meta name=\"twitter:data2\" content=\"1 minuto\" \/>\n<script type=\"application\/ld+json\" class=\"yoast-schema-graph\">{\"@context\":\"https:\/\/schema.org\",\"@graph\":[{\"@type\":\"Article\",\"@id\":\"https:\/\/150elements.mnactec.cat\/es\/company\/fragua-del-comu\/#article\",\"isPartOf\":{\"@id\":\"https:\/\/150elements.mnactec.cat\/es\/company\/fragua-del-comu\/\"},\"author\":{\"name\":\"Judit\",\"@id\":\"https:\/\/150elements.mnactec.cat\/es\/#\/schema\/person\/9661a4c501f1aa5ee4cc0204ae8a7243\"},\"headline\":\"Fragua del Com\u00fa\",\"datePublished\":\"2023-07-12T18:21:01+00:00\",\"dateModified\":\"2023-07-28T14:56:33+00:00\",\"mainEntityOfPage\":{\"@id\":\"https:\/\/150elements.mnactec.cat\/es\/company\/fragua-del-comu\/\"},\"wordCount\":229,\"publisher\":{\"@id\":\"https:\/\/150elements.mnactec.cat\/es\/#organization\"},\"keywords\":[\"Banyoles\",\"Pla de l&#039;Estany\"],\"articleSection\":[\"ACTIVIDADES PREINDUSTRIALES\",\"\u2013 Fraguas\"],\"inLanguage\":\"es\"},{\"@type\":\"WebPage\",\"@id\":\"https:\/\/150elements.mnactec.cat\/es\/company\/fragua-del-comu\/\",\"url\":\"https:\/\/150elements.mnactec.cat\/es\/company\/fragua-del-comu\/\",\"name\":\"Fragua del Com\u00fa - MNACTEC\",\"isPartOf\":{\"@id\":\"https:\/\/150elements.mnactec.cat\/es\/#website\"},\"datePublished\":\"2023-07-12T18:21:01+00:00\",\"dateModified\":\"2023-07-28T14:56:33+00:00\",\"breadcrumb\":{\"@id\":\"https:\/\/150elements.mnactec.cat\/es\/company\/fragua-del-comu\/#breadcrumb\"},\"inLanguage\":\"es\",\"potentialAction\":[{\"@type\":\"ReadAction\",\"target\":[\"https:\/\/150elements.mnactec.cat\/es\/company\/fragua-del-comu\/\"]}]},{\"@type\":\"BreadcrumbList\",\"@id\":\"https:\/\/150elements.mnactec.cat\/es\/company\/fragua-del-comu\/#breadcrumb\",\"itemListElement\":[{\"@type\":\"ListItem\",\"position\":1,\"name\":\"Inicio\",\"item\":\"https:\/\/150elements.mnactec.cat\/es\/\"},{\"@type\":\"ListItem\",\"position\":2,\"name\":\"Fragua del Com\u00fa\"}]},{\"@type\":\"WebSite\",\"@id\":\"https:\/\/150elements.mnactec.cat\/es\/#website\",\"url\":\"https:\/\/150elements.mnactec.cat\/es\/\",\"name\":\"MNACTEC - Mapa del patrimoni industrial de Catalunya\",\"description\":\"Mapa del patrimoni industrial de Catalunya. 150 elements imprescindibles\",\"publisher\":{\"@id\":\"https:\/\/150elements.mnactec.cat\/es\/#organization\"},\"alternateName\":\"MNACTEC - 150 elements\",\"potentialAction\":[{\"@type\":\"SearchAction\",\"target\":{\"@type\":\"EntryPoint\",\"urlTemplate\":\"https:\/\/150elements.mnactec.cat\/es\/?s={search_term_string}\"},\"query-input\":\"required name=search_term_string\"}],\"inLanguage\":\"es\"},{\"@type\":\"Organization\",\"@id\":\"https:\/\/150elements.mnactec.cat\/es\/#organization\",\"name\":\"MNACTEC\",\"alternateName\":\"MNACTEC\",\"url\":\"https:\/\/150elements.mnactec.cat\/es\/\",\"logo\":{\"@type\":\"ImageObject\",\"inLanguage\":\"es\",\"@id\":\"https:\/\/150elements.mnactec.cat\/es\/#\/schema\/logo\/image\/\",\"url\":\"https:\/\/150elements.mnactec.cat\/wp-content\/uploads\/2023\/05\/logo_mnactec.svg\",\"contentUrl\":\"https:\/\/150elements.mnactec.cat\/wp-content\/uploads\/2023\/05\/logo_mnactec.svg\",\"width\":1,\"height\":1,\"caption\":\"MNACTEC\"},\"image\":{\"@id\":\"https:\/\/150elements.mnactec.cat\/es\/#\/schema\/logo\/image\/\"},\"sameAs\":[\"https:\/\/www.facebook.com\/mnactec\",\"https:\/\/twitter.com\/mnactec\",\"https:\/\/www.instagram.com\/mnactec\/\",\"https:\/\/www.youtube.com\/user\/mnactec\"]},{\"@type\":\"Person\",\"@id\":\"https:\/\/150elements.mnactec.cat\/es\/#\/schema\/person\/9661a4c501f1aa5ee4cc0204ae8a7243\",\"name\":\"Judit\",\"image\":{\"@type\":\"ImageObject\",\"inLanguage\":\"es\",\"@id\":\"https:\/\/150elements.mnactec.cat\/es\/#\/schema\/person\/image\/\",\"url\":\"https:\/\/secure.gravatar.com\/avatar\/beb3c354ee3f13ce1739c3d767b2e63528e41d783ac831c77e11b3bfd98a0e65?s=96&d=mm&r=g\",\"contentUrl\":\"https:\/\/secure.gravatar.com\/avatar\/beb3c354ee3f13ce1739c3d767b2e63528e41d783ac831c77e11b3bfd98a0e65?s=96&d=mm&r=g\",\"caption\":\"Judit\"},\"sameAs\":[\"https:\/\/150elements.mnactec.cat\"]}]}<\/script>\n<!-- \/ Yoast SEO plugin. -->","yoast_head_json":{"title":"Fragua del Com\u00fa - MNACTEC","robots":{"index":"index","follow":"follow","max-snippet":"max-snippet:-1","max-image-preview":"max-image-preview:large","max-video-preview":"max-video-preview:-1"},"canonical":"https:\/\/150elements.mnactec.cat\/es\/company\/fragua-del-comu\/","og_locale":"es_ES","og_type":"article","og_title":"Fragua del Com\u00fa - MNACTEC","og_description":"Tambi\u00e9n conocida como fragua de los Escatllar. Situada junto al Rec Major (acequia mayor), se fund\u00f3 en 1685. Inicialmente trabajaba hierro, para pasar poco despu\u00e9s al cobre. A finales del s.XIX, el edificio se ampli\u00f3 como molino papelero de los Escatllar. Cerr\u00f3 a finales de los a\u00f1os cincuenta. Desde su cierre hasta 1977, a\u00f1o en [&hellip;]","og_url":"https:\/\/150elements.mnactec.cat\/es\/company\/fragua-del-comu\/","og_site_name":"MNACTEC","article_publisher":"https:\/\/www.facebook.com\/mnactec","article_published_time":"2023-07-12T18:21:01+00:00","article_modified_time":"2023-07-28T14:56:33+00:00","og_image":[{"width":800,"height":600,"url":"https:\/\/150elements.mnactec.cat\/wp-content\/uploads\/2023\/06\/10-Farga-del-Comu-Banyoles-Foto-Teresa-Llorde-s.jpg","type":"image\/jpeg"}],"author":"Judit","twitter_card":"summary_large_image","twitter_creator":"@mnactec","twitter_site":"@mnactec","twitter_misc":{"Escrito por":"Judit","Tiempo de lectura":"1 minuto"},"schema":{"@context":"https:\/\/schema.org","@graph":[{"@type":"Article","@id":"https:\/\/150elements.mnactec.cat\/es\/company\/fragua-del-comu\/#article","isPartOf":{"@id":"https:\/\/150elements.mnactec.cat\/es\/company\/fragua-del-comu\/"},"author":{"name":"Judit","@id":"https:\/\/150elements.mnactec.cat\/es\/#\/schema\/person\/9661a4c501f1aa5ee4cc0204ae8a7243"},"headline":"Fragua del Com\u00fa","datePublished":"2023-07-12T18:21:01+00:00","dateModified":"2023-07-28T14:56:33+00:00","mainEntityOfPage":{"@id":"https:\/\/150elements.mnactec.cat\/es\/company\/fragua-del-comu\/"},"wordCount":229,"publisher":{"@id":"https:\/\/150elements.mnactec.cat\/es\/#organization"},"keywords":["Banyoles","Pla de l&#039;Estany"],"articleSection":["ACTIVIDADES PREINDUSTRIALES","\u2013 Fraguas"],"inLanguage":"es"},{"@type":"WebPage","@id":"https:\/\/150elements.mnactec.cat\/es\/company\/fragua-del-comu\/","url":"https:\/\/150elements.mnactec.cat\/es\/company\/fragua-del-comu\/","name":"Fragua del Com\u00fa - MNACTEC","isPartOf":{"@id":"https:\/\/150elements.mnactec.cat\/es\/#website"},"datePublished":"2023-07-12T18:21:01+00:00","dateModified":"2023-07-28T14:56:33+00:00","breadcrumb":{"@id":"https:\/\/150elements.mnactec.cat\/es\/company\/fragua-del-comu\/#breadcrumb"},"inLanguage":"es","potentialAction":[{"@type":"ReadAction","target":["https:\/\/150elements.mnactec.cat\/es\/company\/fragua-del-comu\/"]}]},{"@type":"BreadcrumbList","@id":"https:\/\/150elements.mnactec.cat\/es\/company\/fragua-del-comu\/#breadcrumb","itemListElement":[{"@type":"ListItem","position":1,"name":"Inicio","item":"https:\/\/150elements.mnactec.cat\/es\/"},{"@type":"ListItem","position":2,"name":"Fragua del Com\u00fa"}]},{"@type":"WebSite","@id":"https:\/\/150elements.mnactec.cat\/es\/#website","url":"https:\/\/150elements.mnactec.cat\/es\/","name":"MNACTEC - Mapa del patrimoni industrial de Catalunya","description":"Mapa del patrimoni industrial de Catalunya. 150 elements imprescindibles","publisher":{"@id":"https:\/\/150elements.mnactec.cat\/es\/#organization"},"alternateName":"MNACTEC - 150 elements","potentialAction":[{"@type":"SearchAction","target":{"@type":"EntryPoint","urlTemplate":"https:\/\/150elements.mnactec.cat\/es\/?s={search_term_string}"},"query-input":"required name=search_term_string"}],"inLanguage":"es"},{"@type":"Organization","@id":"https:\/\/150elements.mnactec.cat\/es\/#organization","name":"MNACTEC","alternateName":"MNACTEC","url":"https:\/\/150elements.mnactec.cat\/es\/","logo":{"@type":"ImageObject","inLanguage":"es","@id":"https:\/\/150elements.mnactec.cat\/es\/#\/schema\/logo\/image\/","url":"https:\/\/150elements.mnactec.cat\/wp-content\/uploads\/2023\/05\/logo_mnactec.svg","contentUrl":"https:\/\/150elements.mnactec.cat\/wp-content\/uploads\/2023\/05\/logo_mnactec.svg","width":1,"height":1,"caption":"MNACTEC"},"image":{"@id":"https:\/\/150elements.mnactec.cat\/es\/#\/schema\/logo\/image\/"},"sameAs":["https:\/\/www.facebook.com\/mnactec","https:\/\/twitter.com\/mnactec","https:\/\/www.instagram.com\/mnactec\/","https:\/\/www.youtube.com\/user\/mnactec"]},{"@type":"Person","@id":"https:\/\/150elements.mnactec.cat\/es\/#\/schema\/person\/9661a4c501f1aa5ee4cc0204ae8a7243","name":"Judit","image":{"@type":"ImageObject","inLanguage":"es","@id":"https:\/\/150elements.mnactec.cat\/es\/#\/schema\/person\/image\/","url":"https:\/\/secure.gravatar.com\/avatar\/beb3c354ee3f13ce1739c3d767b2e63528e41d783ac831c77e11b3bfd98a0e65?s=96&d=mm&r=g","contentUrl":"https:\/\/secure.gravatar.com\/avatar\/beb3c354ee3f13ce1739c3d767b2e63528e41d783ac831c77e11b3bfd98a0e65?s=96&d=mm&r=g","caption":"Judit"},"sameAs":["https:\/\/150elements.mnactec.cat"]}]}},"_links":{"self":[{"href":"https:\/\/150elements.mnactec.cat\/es\/wp-json\/wp\/v2\/posts\/4341","targetHints":{"allow":["GET"]}}],"collection":[{"href":"https:\/\/150elements.mnactec.cat\/es\/wp-json\/wp\/v2\/posts"}],"about":[{"href":"https:\/\/150elements.mnactec.cat\/es\/wp-json\/wp\/v2\/types\/post"}],"author":[{"embeddable":true,"href":"https:\/\/150elements.mnactec.cat\/es\/wp-json\/wp\/v2\/users\/1"}],"replies":[{"embeddable":true,"href":"https:\/\/150elements.mnactec.cat\/es\/wp-json\/wp\/v2\/comments?post=4341"}],"version-history":[{"count":0,"href":"https:\/\/150elements.mnactec.cat\/es\/wp-json\/wp\/v2\/posts\/4341\/revisions"}],"wp:featuredmedia":[{"embeddable":true,"href":"https:\/\/150elements.mnactec.cat\/es\/wp-json\/wp\/v2\/media\/2125"}],"wp:attachment":[{"href":"https:\/\/150elements.mnactec.cat\/es\/wp-json\/wp\/v2\/media?parent=4341"}],"wp:term":[{"taxonomy":"category","embeddable":true,"href":"https:\/\/150elements.mnactec.cat\/es\/wp-json\/wp\/v2\/categories?post=4341"},{"taxonomy":"post_tag","embeddable":true,"href":"https:\/\/150elements.mnactec.cat\/es\/wp-json\/wp\/v2\/tags?post=4341"}],"curies":[{"name":"wp","href":"https:\/\/api.w.org\/{rel}","templated":true}]}}