{"id":4339,"date":"2023-07-12T18:25:27","date_gmt":"2023-07-12T16:25:27","guid":{"rendered":"https:\/\/150elements.mnactec.cat\/company\/fragua-palau\/"},"modified":"2023-07-28T14:54:31","modified_gmt":"2023-07-28T14:54:31","slug":"fragua-palau","status":"publish","type":"post","link":"https:\/\/150elements.mnactec.cat\/es\/company\/fragua-palau\/","title":{"rendered":"Fragua Palau"},"content":{"rendered":"\n<p>La Fragua Palau de Ripoll se fund\u00f3 como fragua de hierro en el siglo XVII y mantuvo su actividad durante cinco siglos, aunque posteriormente se transform\u00f3 en fragua de cobre, hasta que cerr\u00f3 en 1978.<\/p>\n\n<p>Se encuentra dentro de un edificio de pisos que serv\u00edan y sirven de viviendas. La fragua ocupa la planta baja, con las trompas de agua, los martinetes, la carbonera, el horno y la fragua. Separadas del obrador est\u00e1n la rueda hidr\u00e1ulica, la acequia y la balsa que serv\u00eda para almacenar el agua del r\u00edo Freser, mover la rueda y generar el viento que, impulsado de manera continua, da nombre al m\u00e9todo de la fragua catalana.<\/p>\n\n<p>Adem\u00e1s de ser la \u00fanica fragua de Catalu\u00f1a \u2014y quiz\u00e1s de Espa\u00f1a\u2014 que elabor\u00f3 piezas de cobre hasta la segunda mitad del siglo XX, la caracter\u00edstica m\u00e1s singular de la Fragua Palau son los dos martinetes que hay instalados, con almohadillas met\u00e1licas, mango de olmo y mazo de acero.<\/p>\n\n<p><div class=\"profile-description company-page-center-block\">&#13;\n<div class=\"block-content\">&#13;\n&#13;\nDesde el a\u00f1o 1997 forma parte, como secci\u00f3n, del\u00a0<a href=\"https:\/\/mnactec.cat\/\" target=\"_blank\" rel=\"noopener\">Museu Nacional de la Ci\u00e8ncia i la T\u00e8cnica de Catalunya<\/a>\u00a0(MNACTEC). Es la \u00fanica fragua completa que se conserva en Catalu\u00f1a y ha sido reconocida como lugar de inter\u00e9s metal\u00fargico mundial (<em>Historical Landmark<\/em>) por la American Society for Metals.&#13;\n&#13;\n<\/div>&#13;\n<\/div><\/p>\n","protected":false},"excerpt":{"rendered":"<p>La Fragua Palau de Ripoll se fund\u00f3 como fragua de hierro en el siglo XVII y mantuvo su actividad durante cinco siglos, aunque posteriormente se transform\u00f3 en fragua de cobre, hasta que cerr\u00f3 en 1978. Se encuentra dentro de un edificio de pisos que serv\u00edan y sirven de viviendas. La fragua ocupa la planta baja, [&hellip;]<\/p>\n","protected":false},"author":1,"featured_media":2044,"comment_status":"closed","ping_status":"closed","sticky":false,"template":"","format":"standard","meta":{"footnotes":""},"categories":[80,81],"tags":[397,203],"class_list":["post-4339","post","type-post","status-publish","format-standard","has-post-thumbnail","hentry","category-actividades-preindustriales","category-fraguas","tag-ripoll-es","tag-ripolles-es"],"acf":[],"yoast_head":"<!-- This site is optimized with the Yoast SEO plugin v21.3 - https:\/\/yoast.com\/wordpress\/plugins\/seo\/ -->\n<title>Fragua Palau - MNACTEC<\/title>\n<meta name=\"robots\" content=\"index, follow, max-snippet:-1, max-image-preview:large, max-video-preview:-1\" \/>\n<link rel=\"canonical\" href=\"https:\/\/150elements.mnactec.cat\/es\/company\/fragua-palau\/\" \/>\n<meta property=\"og:locale\" content=\"es_ES\" \/>\n<meta property=\"og:type\" content=\"article\" \/>\n<meta property=\"og:title\" content=\"Fragua Palau - MNACTEC\" \/>\n<meta property=\"og:description\" content=\"La Fragua Palau de Ripoll se fund\u00f3 como fragua de hierro en el siglo XVII y mantuvo su actividad durante cinco siglos, aunque posteriormente se transform\u00f3 en fragua de cobre, hasta que cerr\u00f3 en 1978. Se encuentra dentro de un edificio de pisos que serv\u00edan y sirven de viviendas. La fragua ocupa la planta baja, [&hellip;]\" \/>\n<meta property=\"og:url\" content=\"https:\/\/150elements.mnactec.cat\/es\/company\/fragua-palau\/\" \/>\n<meta property=\"og:site_name\" content=\"MNACTEC\" \/>\n<meta property=\"article:publisher\" content=\"https:\/\/www.facebook.com\/mnactec\" \/>\n<meta property=\"article:published_time\" content=\"2023-07-12T16:25:27+00:00\" \/>\n<meta property=\"article:modified_time\" content=\"2023-07-28T14:54:31+00:00\" \/>\n<meta property=\"og:image\" content=\"https:\/\/150elements.mnactec.cat\/wp-content\/uploads\/2023\/06\/10-Farga-Palau-Ripoll-foto-Teresa-Llord-s-7.jpg\" \/>\n\t<meta property=\"og:image:width\" content=\"800\" \/>\n\t<meta property=\"og:image:height\" content=\"600\" \/>\n\t<meta property=\"og:image:type\" content=\"image\/jpeg\" \/>\n<meta name=\"author\" content=\"Judit\" \/>\n<meta name=\"twitter:card\" content=\"summary_large_image\" \/>\n<meta name=\"twitter:creator\" content=\"@mnactec\" \/>\n<meta name=\"twitter:site\" content=\"@mnactec\" \/>\n<meta name=\"twitter:label1\" content=\"Escrito por\" \/>\n\t<meta name=\"twitter:data1\" content=\"Judit\" \/>\n\t<meta name=\"twitter:label2\" content=\"Tiempo de lectura\" \/>\n\t<meta name=\"twitter:data2\" content=\"1 minuto\" \/>\n<script type=\"application\/ld+json\" class=\"yoast-schema-graph\">{\"@context\":\"https:\/\/schema.org\",\"@graph\":[{\"@type\":\"Article\",\"@id\":\"https:\/\/150elements.mnactec.cat\/es\/company\/fragua-palau\/#article\",\"isPartOf\":{\"@id\":\"https:\/\/150elements.mnactec.cat\/es\/company\/fragua-palau\/\"},\"author\":{\"name\":\"Judit\",\"@id\":\"https:\/\/150elements.mnactec.cat\/es\/#\/schema\/person\/9661a4c501f1aa5ee4cc0204ae8a7243\"},\"headline\":\"Fragua Palau\",\"datePublished\":\"2023-07-12T16:25:27+00:00\",\"dateModified\":\"2023-07-28T14:54:31+00:00\",\"mainEntityOfPage\":{\"@id\":\"https:\/\/150elements.mnactec.cat\/es\/company\/fragua-palau\/\"},\"wordCount\":227,\"publisher\":{\"@id\":\"https:\/\/150elements.mnactec.cat\/es\/#organization\"},\"keywords\":[\"Ripoll\",\"Ripoll\u00e8s\"],\"articleSection\":[\"ACTIVIDADES PREINDUSTRIALES\",\"\u2013 Fraguas\"],\"inLanguage\":\"es\"},{\"@type\":\"WebPage\",\"@id\":\"https:\/\/150elements.mnactec.cat\/es\/company\/fragua-palau\/\",\"url\":\"https:\/\/150elements.mnactec.cat\/es\/company\/fragua-palau\/\",\"name\":\"Fragua Palau - MNACTEC\",\"isPartOf\":{\"@id\":\"https:\/\/150elements.mnactec.cat\/es\/#website\"},\"datePublished\":\"2023-07-12T16:25:27+00:00\",\"dateModified\":\"2023-07-28T14:54:31+00:00\",\"breadcrumb\":{\"@id\":\"https:\/\/150elements.mnactec.cat\/es\/company\/fragua-palau\/#breadcrumb\"},\"inLanguage\":\"es\",\"potentialAction\":[{\"@type\":\"ReadAction\",\"target\":[\"https:\/\/150elements.mnactec.cat\/es\/company\/fragua-palau\/\"]}]},{\"@type\":\"BreadcrumbList\",\"@id\":\"https:\/\/150elements.mnactec.cat\/es\/company\/fragua-palau\/#breadcrumb\",\"itemListElement\":[{\"@type\":\"ListItem\",\"position\":1,\"name\":\"Inicio\",\"item\":\"https:\/\/150elements.mnactec.cat\/es\/\"},{\"@type\":\"ListItem\",\"position\":2,\"name\":\"Fragua Palau\"}]},{\"@type\":\"WebSite\",\"@id\":\"https:\/\/150elements.mnactec.cat\/es\/#website\",\"url\":\"https:\/\/150elements.mnactec.cat\/es\/\",\"name\":\"MNACTEC - Mapa del patrimoni industrial de Catalunya\",\"description\":\"Mapa del patrimoni industrial de Catalunya. 150 elements imprescindibles\",\"publisher\":{\"@id\":\"https:\/\/150elements.mnactec.cat\/es\/#organization\"},\"alternateName\":\"MNACTEC - 150 elements\",\"potentialAction\":[{\"@type\":\"SearchAction\",\"target\":{\"@type\":\"EntryPoint\",\"urlTemplate\":\"https:\/\/150elements.mnactec.cat\/es\/?s={search_term_string}\"},\"query-input\":\"required name=search_term_string\"}],\"inLanguage\":\"es\"},{\"@type\":\"Organization\",\"@id\":\"https:\/\/150elements.mnactec.cat\/es\/#organization\",\"name\":\"MNACTEC\",\"alternateName\":\"MNACTEC\",\"url\":\"https:\/\/150elements.mnactec.cat\/es\/\",\"logo\":{\"@type\":\"ImageObject\",\"inLanguage\":\"es\",\"@id\":\"https:\/\/150elements.mnactec.cat\/es\/#\/schema\/logo\/image\/\",\"url\":\"https:\/\/150elements.mnactec.cat\/wp-content\/uploads\/2023\/05\/logo_mnactec.svg\",\"contentUrl\":\"https:\/\/150elements.mnactec.cat\/wp-content\/uploads\/2023\/05\/logo_mnactec.svg\",\"width\":1,\"height\":1,\"caption\":\"MNACTEC\"},\"image\":{\"@id\":\"https:\/\/150elements.mnactec.cat\/es\/#\/schema\/logo\/image\/\"},\"sameAs\":[\"https:\/\/www.facebook.com\/mnactec\",\"https:\/\/twitter.com\/mnactec\",\"https:\/\/www.instagram.com\/mnactec\/\",\"https:\/\/www.youtube.com\/user\/mnactec\"]},{\"@type\":\"Person\",\"@id\":\"https:\/\/150elements.mnactec.cat\/es\/#\/schema\/person\/9661a4c501f1aa5ee4cc0204ae8a7243\",\"name\":\"Judit\",\"image\":{\"@type\":\"ImageObject\",\"inLanguage\":\"es\",\"@id\":\"https:\/\/150elements.mnactec.cat\/es\/#\/schema\/person\/image\/\",\"url\":\"https:\/\/secure.gravatar.com\/avatar\/beb3c354ee3f13ce1739c3d767b2e63528e41d783ac831c77e11b3bfd98a0e65?s=96&d=mm&r=g\",\"contentUrl\":\"https:\/\/secure.gravatar.com\/avatar\/beb3c354ee3f13ce1739c3d767b2e63528e41d783ac831c77e11b3bfd98a0e65?s=96&d=mm&r=g\",\"caption\":\"Judit\"},\"sameAs\":[\"https:\/\/150elements.mnactec.cat\"]}]}<\/script>\n<!-- \/ Yoast SEO plugin. -->","yoast_head_json":{"title":"Fragua Palau - MNACTEC","robots":{"index":"index","follow":"follow","max-snippet":"max-snippet:-1","max-image-preview":"max-image-preview:large","max-video-preview":"max-video-preview:-1"},"canonical":"https:\/\/150elements.mnactec.cat\/es\/company\/fragua-palau\/","og_locale":"es_ES","og_type":"article","og_title":"Fragua Palau - MNACTEC","og_description":"La Fragua Palau de Ripoll se fund\u00f3 como fragua de hierro en el siglo XVII y mantuvo su actividad durante cinco siglos, aunque posteriormente se transform\u00f3 en fragua de cobre, hasta que cerr\u00f3 en 1978. Se encuentra dentro de un edificio de pisos que serv\u00edan y sirven de viviendas. La fragua ocupa la planta baja, [&hellip;]","og_url":"https:\/\/150elements.mnactec.cat\/es\/company\/fragua-palau\/","og_site_name":"MNACTEC","article_publisher":"https:\/\/www.facebook.com\/mnactec","article_published_time":"2023-07-12T16:25:27+00:00","article_modified_time":"2023-07-28T14:54:31+00:00","og_image":[{"width":800,"height":600,"url":"https:\/\/150elements.mnactec.cat\/wp-content\/uploads\/2023\/06\/10-Farga-Palau-Ripoll-foto-Teresa-Llord-s-7.jpg","type":"image\/jpeg"}],"author":"Judit","twitter_card":"summary_large_image","twitter_creator":"@mnactec","twitter_site":"@mnactec","twitter_misc":{"Escrito por":"Judit","Tiempo de lectura":"1 minuto"},"schema":{"@context":"https:\/\/schema.org","@graph":[{"@type":"Article","@id":"https:\/\/150elements.mnactec.cat\/es\/company\/fragua-palau\/#article","isPartOf":{"@id":"https:\/\/150elements.mnactec.cat\/es\/company\/fragua-palau\/"},"author":{"name":"Judit","@id":"https:\/\/150elements.mnactec.cat\/es\/#\/schema\/person\/9661a4c501f1aa5ee4cc0204ae8a7243"},"headline":"Fragua Palau","datePublished":"2023-07-12T16:25:27+00:00","dateModified":"2023-07-28T14:54:31+00:00","mainEntityOfPage":{"@id":"https:\/\/150elements.mnactec.cat\/es\/company\/fragua-palau\/"},"wordCount":227,"publisher":{"@id":"https:\/\/150elements.mnactec.cat\/es\/#organization"},"keywords":["Ripoll","Ripoll\u00e8s"],"articleSection":["ACTIVIDADES PREINDUSTRIALES","\u2013 Fraguas"],"inLanguage":"es"},{"@type":"WebPage","@id":"https:\/\/150elements.mnactec.cat\/es\/company\/fragua-palau\/","url":"https:\/\/150elements.mnactec.cat\/es\/company\/fragua-palau\/","name":"Fragua Palau - MNACTEC","isPartOf":{"@id":"https:\/\/150elements.mnactec.cat\/es\/#website"},"datePublished":"2023-07-12T16:25:27+00:00","dateModified":"2023-07-28T14:54:31+00:00","breadcrumb":{"@id":"https:\/\/150elements.mnactec.cat\/es\/company\/fragua-palau\/#breadcrumb"},"inLanguage":"es","potentialAction":[{"@type":"ReadAction","target":["https:\/\/150elements.mnactec.cat\/es\/company\/fragua-palau\/"]}]},{"@type":"BreadcrumbList","@id":"https:\/\/150elements.mnactec.cat\/es\/company\/fragua-palau\/#breadcrumb","itemListElement":[{"@type":"ListItem","position":1,"name":"Inicio","item":"https:\/\/150elements.mnactec.cat\/es\/"},{"@type":"ListItem","position":2,"name":"Fragua Palau"}]},{"@type":"WebSite","@id":"https:\/\/150elements.mnactec.cat\/es\/#website","url":"https:\/\/150elements.mnactec.cat\/es\/","name":"MNACTEC - Mapa del patrimoni industrial de Catalunya","description":"Mapa del patrimoni industrial de Catalunya. 150 elements imprescindibles","publisher":{"@id":"https:\/\/150elements.mnactec.cat\/es\/#organization"},"alternateName":"MNACTEC - 150 elements","potentialAction":[{"@type":"SearchAction","target":{"@type":"EntryPoint","urlTemplate":"https:\/\/150elements.mnactec.cat\/es\/?s={search_term_string}"},"query-input":"required name=search_term_string"}],"inLanguage":"es"},{"@type":"Organization","@id":"https:\/\/150elements.mnactec.cat\/es\/#organization","name":"MNACTEC","alternateName":"MNACTEC","url":"https:\/\/150elements.mnactec.cat\/es\/","logo":{"@type":"ImageObject","inLanguage":"es","@id":"https:\/\/150elements.mnactec.cat\/es\/#\/schema\/logo\/image\/","url":"https:\/\/150elements.mnactec.cat\/wp-content\/uploads\/2023\/05\/logo_mnactec.svg","contentUrl":"https:\/\/150elements.mnactec.cat\/wp-content\/uploads\/2023\/05\/logo_mnactec.svg","width":1,"height":1,"caption":"MNACTEC"},"image":{"@id":"https:\/\/150elements.mnactec.cat\/es\/#\/schema\/logo\/image\/"},"sameAs":["https:\/\/www.facebook.com\/mnactec","https:\/\/twitter.com\/mnactec","https:\/\/www.instagram.com\/mnactec\/","https:\/\/www.youtube.com\/user\/mnactec"]},{"@type":"Person","@id":"https:\/\/150elements.mnactec.cat\/es\/#\/schema\/person\/9661a4c501f1aa5ee4cc0204ae8a7243","name":"Judit","image":{"@type":"ImageObject","inLanguage":"es","@id":"https:\/\/150elements.mnactec.cat\/es\/#\/schema\/person\/image\/","url":"https:\/\/secure.gravatar.com\/avatar\/beb3c354ee3f13ce1739c3d767b2e63528e41d783ac831c77e11b3bfd98a0e65?s=96&d=mm&r=g","contentUrl":"https:\/\/secure.gravatar.com\/avatar\/beb3c354ee3f13ce1739c3d767b2e63528e41d783ac831c77e11b3bfd98a0e65?s=96&d=mm&r=g","caption":"Judit"},"sameAs":["https:\/\/150elements.mnactec.cat"]}]}},"_links":{"self":[{"href":"https:\/\/150elements.mnactec.cat\/es\/wp-json\/wp\/v2\/posts\/4339","targetHints":{"allow":["GET"]}}],"collection":[{"href":"https:\/\/150elements.mnactec.cat\/es\/wp-json\/wp\/v2\/posts"}],"about":[{"href":"https:\/\/150elements.mnactec.cat\/es\/wp-json\/wp\/v2\/types\/post"}],"author":[{"embeddable":true,"href":"https:\/\/150elements.mnactec.cat\/es\/wp-json\/wp\/v2\/users\/1"}],"replies":[{"embeddable":true,"href":"https:\/\/150elements.mnactec.cat\/es\/wp-json\/wp\/v2\/comments?post=4339"}],"version-history":[{"count":0,"href":"https:\/\/150elements.mnactec.cat\/es\/wp-json\/wp\/v2\/posts\/4339\/revisions"}],"wp:featuredmedia":[{"embeddable":true,"href":"https:\/\/150elements.mnactec.cat\/es\/wp-json\/wp\/v2\/media\/2044"}],"wp:attachment":[{"href":"https:\/\/150elements.mnactec.cat\/es\/wp-json\/wp\/v2\/media?parent=4339"}],"wp:term":[{"taxonomy":"category","embeddable":true,"href":"https:\/\/150elements.mnactec.cat\/es\/wp-json\/wp\/v2\/categories?post=4339"},{"taxonomy":"post_tag","embeddable":true,"href":"https:\/\/150elements.mnactec.cat\/es\/wp-json\/wp\/v2\/tags?post=4339"}],"curies":[{"name":"wp","href":"https:\/\/api.w.org\/{rel}","templated":true}]}}