{"id":4165,"date":"2023-07-11T17:08:50","date_gmt":"2023-07-11T17:08:50","guid":{"rendered":"https:\/\/150elements.mnactec.cat\/company\/colonia-pons\/"},"modified":"2023-07-26T14:48:15","modified_gmt":"2023-07-26T14:48:15","slug":"colonia-pons","status":"publish","type":"post","link":"https:\/\/150elements.mnactec.cat\/es\/company\/colonia-pons\/","title":{"rendered":"Colonia Pons"},"content":{"rendered":"\n<p>La Colonia Pons, tambi\u00e9n conocida como Cal Pons, fue fundada en 1875 por la familia del industrial y pol\u00edtico manresano Llu\u00eds Pons i Enrich. La colonia, que pertenece al municipio de Puig-reig, presenta una gran unidad, puesto que se expandi\u00f3 en un periodo relativamente corto, hasta 1910. Destaca el hecho de que, aprovechando el fuerte desnivel del terreno, se distribuy\u00f3 el espacio en tres grados: el productivo; el de residencia y servicios, y el espacio de dominio. El nivel productivo, ubicado cerca del r\u00edo, lo integran la f\u00e1brica, el canal y la esclusa, los talleres y almacenes, y las oficinas. El espacio de residencia incluye las viviendas de los obreros, as\u00ed como los comercios de la colonia. Por \u00faltimo, en lo alto del n\u00facleo, se encuentran las residencias de los amos de la colonia.<\/p>\n\n<p>La Colonia Pons es una de las colonias textiles m\u00e1s destacadas desde el punto de vista monumental. En el espacio de dominio se encuentran muchos elementos destacados, como por ejemplo las dos torres neomedievales de los propietarios, rodeadas por un gran bosque y un jard\u00edn; el chal\u00e9 del director; la casa-convento, y la ecl\u00e9ctica iglesia de Sant Josep.<\/p>\n","protected":false},"excerpt":{"rendered":"<p>La Colonia Pons, tambi\u00e9n conocida como Cal Pons, fue fundada en 1875 por la familia del industrial y pol\u00edtico manresano Llu\u00eds Pons i Enrich. La colonia, que pertenece al municipio de Puig-reig, presenta una gran unidad, puesto que se expandi\u00f3 en un periodo relativamente corto, hasta 1910. Destaca el hecho de que, aprovechando el fuerte [&hellip;]<\/p>\n","protected":false},"author":1,"featured_media":2504,"comment_status":"closed","ping_status":"closed","sticky":false,"template":"","format":"standard","meta":{"footnotes":""},"categories":[57,75,76],"tags":[393,183],"class_list":["post-4165","post","type-post","status-publish","format-standard","has-post-thumbnail","hentry","category-actividades-industriales","category-industria-textil-es","category-colonias-textiles","tag-puig-reig-es","tag-bergueda-es"],"acf":[],"yoast_head":"<!-- This site is optimized with the Yoast SEO plugin v21.3 - https:\/\/yoast.com\/wordpress\/plugins\/seo\/ -->\n<title>Colonia Pons - MNACTEC<\/title>\n<meta name=\"robots\" content=\"index, follow, max-snippet:-1, max-image-preview:large, max-video-preview:-1\" \/>\n<link rel=\"canonical\" href=\"https:\/\/150elements.mnactec.cat\/es\/company\/colonia-pons\/\" \/>\n<meta property=\"og:locale\" content=\"es_ES\" \/>\n<meta property=\"og:type\" content=\"article\" \/>\n<meta property=\"og:title\" content=\"Colonia Pons - MNACTEC\" \/>\n<meta property=\"og:description\" content=\"La Colonia Pons, tambi\u00e9n conocida como Cal Pons, fue fundada en 1875 por la familia del industrial y pol\u00edtico manresano Llu\u00eds Pons i Enrich. La colonia, que pertenece al municipio de Puig-reig, presenta una gran unidad, puesto que se expandi\u00f3 en un periodo relativamente corto, hasta 1910. Destaca el hecho de que, aprovechando el fuerte [&hellip;]\" \/>\n<meta property=\"og:url\" content=\"https:\/\/150elements.mnactec.cat\/es\/company\/colonia-pons\/\" \/>\n<meta property=\"og:site_name\" content=\"MNACTEC\" \/>\n<meta property=\"article:publisher\" content=\"https:\/\/www.facebook.com\/mnactec\" \/>\n<meta property=\"article:published_time\" content=\"2023-07-11T17:08:50+00:00\" \/>\n<meta property=\"article:modified_time\" content=\"2023-07-26T14:48:15+00:00\" \/>\n<meta property=\"og:image\" content=\"https:\/\/150elements.mnactec.cat\/wp-content\/uploads\/2023\/06\/56-Colo-nia-Pons-Puig-reig-Fotografia-Dir.-Gral.-Patrimoni-1.jpg\" \/>\n\t<meta property=\"og:image:width\" content=\"800\" \/>\n\t<meta property=\"og:image:height\" content=\"600\" \/>\n\t<meta property=\"og:image:type\" content=\"image\/jpeg\" \/>\n<meta name=\"author\" content=\"Judit\" \/>\n<meta name=\"twitter:card\" content=\"summary_large_image\" \/>\n<meta name=\"twitter:creator\" content=\"@mnactec\" \/>\n<meta name=\"twitter:site\" content=\"@mnactec\" \/>\n<meta name=\"twitter:label1\" content=\"Escrito por\" \/>\n\t<meta name=\"twitter:data1\" content=\"Judit\" \/>\n\t<meta name=\"twitter:label2\" content=\"Tiempo de lectura\" \/>\n\t<meta name=\"twitter:data2\" content=\"1 minuto\" \/>\n<script type=\"application\/ld+json\" class=\"yoast-schema-graph\">{\"@context\":\"https:\/\/schema.org\",\"@graph\":[{\"@type\":\"Article\",\"@id\":\"https:\/\/150elements.mnactec.cat\/es\/company\/colonia-pons\/#article\",\"isPartOf\":{\"@id\":\"https:\/\/150elements.mnactec.cat\/es\/company\/colonia-pons\/\"},\"author\":{\"name\":\"Judit\",\"@id\":\"https:\/\/150elements.mnactec.cat\/es\/#\/schema\/person\/9661a4c501f1aa5ee4cc0204ae8a7243\"},\"headline\":\"Colonia Pons\",\"datePublished\":\"2023-07-11T17:08:50+00:00\",\"dateModified\":\"2023-07-26T14:48:15+00:00\",\"mainEntityOfPage\":{\"@id\":\"https:\/\/150elements.mnactec.cat\/es\/company\/colonia-pons\/\"},\"wordCount\":201,\"publisher\":{\"@id\":\"https:\/\/150elements.mnactec.cat\/es\/#organization\"},\"keywords\":[\"Puig-reig\",\"Bergued\u00e0\"],\"articleSection\":[\"ACTIVIDADES INDUSTRIALES\",\"\u2013 Industria textil\",\"\u2013\u2013 Colonias textiles\"],\"inLanguage\":\"es\"},{\"@type\":\"WebPage\",\"@id\":\"https:\/\/150elements.mnactec.cat\/es\/company\/colonia-pons\/\",\"url\":\"https:\/\/150elements.mnactec.cat\/es\/company\/colonia-pons\/\",\"name\":\"Colonia Pons - MNACTEC\",\"isPartOf\":{\"@id\":\"https:\/\/150elements.mnactec.cat\/es\/#website\"},\"datePublished\":\"2023-07-11T17:08:50+00:00\",\"dateModified\":\"2023-07-26T14:48:15+00:00\",\"breadcrumb\":{\"@id\":\"https:\/\/150elements.mnactec.cat\/es\/company\/colonia-pons\/#breadcrumb\"},\"inLanguage\":\"es\",\"potentialAction\":[{\"@type\":\"ReadAction\",\"target\":[\"https:\/\/150elements.mnactec.cat\/es\/company\/colonia-pons\/\"]}]},{\"@type\":\"BreadcrumbList\",\"@id\":\"https:\/\/150elements.mnactec.cat\/es\/company\/colonia-pons\/#breadcrumb\",\"itemListElement\":[{\"@type\":\"ListItem\",\"position\":1,\"name\":\"Inicio\",\"item\":\"https:\/\/150elements.mnactec.cat\/es\/\"},{\"@type\":\"ListItem\",\"position\":2,\"name\":\"Colonia Pons\"}]},{\"@type\":\"WebSite\",\"@id\":\"https:\/\/150elements.mnactec.cat\/es\/#website\",\"url\":\"https:\/\/150elements.mnactec.cat\/es\/\",\"name\":\"MNACTEC - Mapa del patrimoni industrial de Catalunya\",\"description\":\"Mapa del patrimoni industrial de Catalunya. 150 elements imprescindibles\",\"publisher\":{\"@id\":\"https:\/\/150elements.mnactec.cat\/es\/#organization\"},\"alternateName\":\"MNACTEC - 150 elements\",\"potentialAction\":[{\"@type\":\"SearchAction\",\"target\":{\"@type\":\"EntryPoint\",\"urlTemplate\":\"https:\/\/150elements.mnactec.cat\/es\/?s={search_term_string}\"},\"query-input\":\"required name=search_term_string\"}],\"inLanguage\":\"es\"},{\"@type\":\"Organization\",\"@id\":\"https:\/\/150elements.mnactec.cat\/es\/#organization\",\"name\":\"MNACTEC\",\"alternateName\":\"MNACTEC\",\"url\":\"https:\/\/150elements.mnactec.cat\/es\/\",\"logo\":{\"@type\":\"ImageObject\",\"inLanguage\":\"es\",\"@id\":\"https:\/\/150elements.mnactec.cat\/es\/#\/schema\/logo\/image\/\",\"url\":\"https:\/\/150elements.mnactec.cat\/wp-content\/uploads\/2023\/05\/logo_mnactec.svg\",\"contentUrl\":\"https:\/\/150elements.mnactec.cat\/wp-content\/uploads\/2023\/05\/logo_mnactec.svg\",\"width\":1,\"height\":1,\"caption\":\"MNACTEC\"},\"image\":{\"@id\":\"https:\/\/150elements.mnactec.cat\/es\/#\/schema\/logo\/image\/\"},\"sameAs\":[\"https:\/\/www.facebook.com\/mnactec\",\"https:\/\/twitter.com\/mnactec\",\"https:\/\/www.instagram.com\/mnactec\/\",\"https:\/\/www.youtube.com\/user\/mnactec\"]},{\"@type\":\"Person\",\"@id\":\"https:\/\/150elements.mnactec.cat\/es\/#\/schema\/person\/9661a4c501f1aa5ee4cc0204ae8a7243\",\"name\":\"Judit\",\"image\":{\"@type\":\"ImageObject\",\"inLanguage\":\"es\",\"@id\":\"https:\/\/150elements.mnactec.cat\/es\/#\/schema\/person\/image\/\",\"url\":\"https:\/\/secure.gravatar.com\/avatar\/beb3c354ee3f13ce1739c3d767b2e63528e41d783ac831c77e11b3bfd98a0e65?s=96&d=mm&r=g\",\"contentUrl\":\"https:\/\/secure.gravatar.com\/avatar\/beb3c354ee3f13ce1739c3d767b2e63528e41d783ac831c77e11b3bfd98a0e65?s=96&d=mm&r=g\",\"caption\":\"Judit\"},\"sameAs\":[\"https:\/\/150elements.mnactec.cat\"]}]}<\/script>\n<!-- \/ Yoast SEO plugin. -->","yoast_head_json":{"title":"Colonia Pons - MNACTEC","robots":{"index":"index","follow":"follow","max-snippet":"max-snippet:-1","max-image-preview":"max-image-preview:large","max-video-preview":"max-video-preview:-1"},"canonical":"https:\/\/150elements.mnactec.cat\/es\/company\/colonia-pons\/","og_locale":"es_ES","og_type":"article","og_title":"Colonia Pons - MNACTEC","og_description":"La Colonia Pons, tambi\u00e9n conocida como Cal Pons, fue fundada en 1875 por la familia del industrial y pol\u00edtico manresano Llu\u00eds Pons i Enrich. La colonia, que pertenece al municipio de Puig-reig, presenta una gran unidad, puesto que se expandi\u00f3 en un periodo relativamente corto, hasta 1910. Destaca el hecho de que, aprovechando el fuerte [&hellip;]","og_url":"https:\/\/150elements.mnactec.cat\/es\/company\/colonia-pons\/","og_site_name":"MNACTEC","article_publisher":"https:\/\/www.facebook.com\/mnactec","article_published_time":"2023-07-11T17:08:50+00:00","article_modified_time":"2023-07-26T14:48:15+00:00","og_image":[{"width":800,"height":600,"url":"https:\/\/150elements.mnactec.cat\/wp-content\/uploads\/2023\/06\/56-Colo-nia-Pons-Puig-reig-Fotografia-Dir.-Gral.-Patrimoni-1.jpg","type":"image\/jpeg"}],"author":"Judit","twitter_card":"summary_large_image","twitter_creator":"@mnactec","twitter_site":"@mnactec","twitter_misc":{"Escrito por":"Judit","Tiempo de lectura":"1 minuto"},"schema":{"@context":"https:\/\/schema.org","@graph":[{"@type":"Article","@id":"https:\/\/150elements.mnactec.cat\/es\/company\/colonia-pons\/#article","isPartOf":{"@id":"https:\/\/150elements.mnactec.cat\/es\/company\/colonia-pons\/"},"author":{"name":"Judit","@id":"https:\/\/150elements.mnactec.cat\/es\/#\/schema\/person\/9661a4c501f1aa5ee4cc0204ae8a7243"},"headline":"Colonia Pons","datePublished":"2023-07-11T17:08:50+00:00","dateModified":"2023-07-26T14:48:15+00:00","mainEntityOfPage":{"@id":"https:\/\/150elements.mnactec.cat\/es\/company\/colonia-pons\/"},"wordCount":201,"publisher":{"@id":"https:\/\/150elements.mnactec.cat\/es\/#organization"},"keywords":["Puig-reig","Bergued\u00e0"],"articleSection":["ACTIVIDADES INDUSTRIALES","\u2013 Industria textil","\u2013\u2013 Colonias textiles"],"inLanguage":"es"},{"@type":"WebPage","@id":"https:\/\/150elements.mnactec.cat\/es\/company\/colonia-pons\/","url":"https:\/\/150elements.mnactec.cat\/es\/company\/colonia-pons\/","name":"Colonia Pons - MNACTEC","isPartOf":{"@id":"https:\/\/150elements.mnactec.cat\/es\/#website"},"datePublished":"2023-07-11T17:08:50+00:00","dateModified":"2023-07-26T14:48:15+00:00","breadcrumb":{"@id":"https:\/\/150elements.mnactec.cat\/es\/company\/colonia-pons\/#breadcrumb"},"inLanguage":"es","potentialAction":[{"@type":"ReadAction","target":["https:\/\/150elements.mnactec.cat\/es\/company\/colonia-pons\/"]}]},{"@type":"BreadcrumbList","@id":"https:\/\/150elements.mnactec.cat\/es\/company\/colonia-pons\/#breadcrumb","itemListElement":[{"@type":"ListItem","position":1,"name":"Inicio","item":"https:\/\/150elements.mnactec.cat\/es\/"},{"@type":"ListItem","position":2,"name":"Colonia Pons"}]},{"@type":"WebSite","@id":"https:\/\/150elements.mnactec.cat\/es\/#website","url":"https:\/\/150elements.mnactec.cat\/es\/","name":"MNACTEC - Mapa del patrimoni industrial de Catalunya","description":"Mapa del patrimoni industrial de Catalunya. 150 elements imprescindibles","publisher":{"@id":"https:\/\/150elements.mnactec.cat\/es\/#organization"},"alternateName":"MNACTEC - 150 elements","potentialAction":[{"@type":"SearchAction","target":{"@type":"EntryPoint","urlTemplate":"https:\/\/150elements.mnactec.cat\/es\/?s={search_term_string}"},"query-input":"required name=search_term_string"}],"inLanguage":"es"},{"@type":"Organization","@id":"https:\/\/150elements.mnactec.cat\/es\/#organization","name":"MNACTEC","alternateName":"MNACTEC","url":"https:\/\/150elements.mnactec.cat\/es\/","logo":{"@type":"ImageObject","inLanguage":"es","@id":"https:\/\/150elements.mnactec.cat\/es\/#\/schema\/logo\/image\/","url":"https:\/\/150elements.mnactec.cat\/wp-content\/uploads\/2023\/05\/logo_mnactec.svg","contentUrl":"https:\/\/150elements.mnactec.cat\/wp-content\/uploads\/2023\/05\/logo_mnactec.svg","width":1,"height":1,"caption":"MNACTEC"},"image":{"@id":"https:\/\/150elements.mnactec.cat\/es\/#\/schema\/logo\/image\/"},"sameAs":["https:\/\/www.facebook.com\/mnactec","https:\/\/twitter.com\/mnactec","https:\/\/www.instagram.com\/mnactec\/","https:\/\/www.youtube.com\/user\/mnactec"]},{"@type":"Person","@id":"https:\/\/150elements.mnactec.cat\/es\/#\/schema\/person\/9661a4c501f1aa5ee4cc0204ae8a7243","name":"Judit","image":{"@type":"ImageObject","inLanguage":"es","@id":"https:\/\/150elements.mnactec.cat\/es\/#\/schema\/person\/image\/","url":"https:\/\/secure.gravatar.com\/avatar\/beb3c354ee3f13ce1739c3d767b2e63528e41d783ac831c77e11b3bfd98a0e65?s=96&d=mm&r=g","contentUrl":"https:\/\/secure.gravatar.com\/avatar\/beb3c354ee3f13ce1739c3d767b2e63528e41d783ac831c77e11b3bfd98a0e65?s=96&d=mm&r=g","caption":"Judit"},"sameAs":["https:\/\/150elements.mnactec.cat"]}]}},"_links":{"self":[{"href":"https:\/\/150elements.mnactec.cat\/es\/wp-json\/wp\/v2\/posts\/4165","targetHints":{"allow":["GET"]}}],"collection":[{"href":"https:\/\/150elements.mnactec.cat\/es\/wp-json\/wp\/v2\/posts"}],"about":[{"href":"https:\/\/150elements.mnactec.cat\/es\/wp-json\/wp\/v2\/types\/post"}],"author":[{"embeddable":true,"href":"https:\/\/150elements.mnactec.cat\/es\/wp-json\/wp\/v2\/users\/1"}],"replies":[{"embeddable":true,"href":"https:\/\/150elements.mnactec.cat\/es\/wp-json\/wp\/v2\/comments?post=4165"}],"version-history":[{"count":0,"href":"https:\/\/150elements.mnactec.cat\/es\/wp-json\/wp\/v2\/posts\/4165\/revisions"}],"wp:featuredmedia":[{"embeddable":true,"href":"https:\/\/150elements.mnactec.cat\/es\/wp-json\/wp\/v2\/media\/2504"}],"wp:attachment":[{"href":"https:\/\/150elements.mnactec.cat\/es\/wp-json\/wp\/v2\/media?parent=4165"}],"wp:term":[{"taxonomy":"category","embeddable":true,"href":"https:\/\/150elements.mnactec.cat\/es\/wp-json\/wp\/v2\/categories?post=4165"},{"taxonomy":"post_tag","embeddable":true,"href":"https:\/\/150elements.mnactec.cat\/es\/wp-json\/wp\/v2\/tags?post=4165"}],"curies":[{"name":"wp","href":"https:\/\/api.w.org\/{rel}","templated":true}]}}