{"id":4124,"date":"2023-07-11T16:09:30","date_gmt":"2023-07-11T16:09:30","guid":{"rendered":"https:\/\/150elements.mnactec.cat\/company\/harinera-del-sindicat-agricola-de-cervera\/"},"modified":"2023-07-26T10:42:45","modified_gmt":"2023-07-26T10:42:45","slug":"harinera-del-sindicat-agricola-de-cervera","status":"publish","type":"post","link":"https:\/\/150elements.mnactec.cat\/es\/company\/harinera-del-sindicat-agricola-de-cervera\/","title":{"rendered":"Harinera del Sindicat Agr\u00edcola de Cervera"},"content":{"rendered":"\n<p>La Harinera del Sindicato Agr\u00edcola de Cervera es un edificio modernista proyectado por el arquitecto C\u00e8sar Martinell entre 1920 y 1922. Situada al pie de la v\u00eda del tren y en las afueras del n\u00facleo, fue construida por encargo del antiguo Sindicato Agr\u00edcola de Cervera. La harinera es un edificio de caracter\u00edsticas diferentes de las de las bodegas. Pensada para acoger silos de trigo y molino, se diferencia de las otras edificaciones agrarias por su apariencia m\u00e1s de f\u00e1brica ciudadana que de edificio rural.<\/p>\n\n<p>La construcci\u00f3n de la Harinera comport\u00f3, adem\u00e1s de la f\u00e1brica, la edificaci\u00f3n de un local social, almacenes auxiliares de cereales, una panificadora y la urbanizaci\u00f3n de dos calles.<\/p>\n\n<p>El edificio principal est\u00e1 formado por tres cuerpos o vol\u00famenes en forma de U, y se adapta a la forma irregular de la parcela, organizando un patio de forma trapezoidal. El cuerpo norte o almac\u00e9n de trigo est\u00e1 formado por una planta subterr\u00e1nea y doce silos. Al este, se a\u00f1adi\u00f3 un volumen de dos plantas, y a poniente, otro volumen con el gran cuerpo de la escalera, coronado por la torre de agua cubierta por una c\u00fapula que es el s\u00edmbolo de la f\u00e1brica. Esta edificaci\u00f3n, conocida con el nombre de Torre del Treball (Torre del Trabajo), forma parte de la trilog\u00eda de las torres de Cervera y establece un di\u00e1logo con la Torre de la Fe, o campanario de la iglesia, y la Torre de la Ci\u00e8ncia, tambi\u00e9n conocidas como torres de la Universitat. En cuanto a las fachadas del edificio principal, destaca el uso de los arcos parab\u00f3licos para definir en el exterior la posici\u00f3n de los espacios ocupados por los silos y el uso constante de la composici\u00f3n en tres niveles de las fachadas, usando diferentes materiales y texturas, tal y como ya hab\u00eda utilizado Martinell en las bodegas cooperativas.<\/p>\n","protected":false},"excerpt":{"rendered":"<p>La Harinera del Sindicato Agr\u00edcola de Cervera es un edificio modernista proyectado por el arquitecto C\u00e8sar Martinell entre 1920 y 1922. Situada al pie de la v\u00eda del tren y en las afueras del n\u00facleo, fue construida por encargo del antiguo Sindicato Agr\u00edcola de Cervera. La harinera es un edificio de caracter\u00edsticas diferentes de las [&hellip;]<\/p>\n","protected":false},"author":1,"featured_media":2199,"comment_status":"closed","ping_status":"closed","sticky":false,"template":"","format":"standard","meta":{"footnotes":""},"categories":[57,60,64],"tags":[349,202],"class_list":["post-4124","post","type-post","status-publish","format-standard","has-post-thumbnail","hentry","category-actividades-industriales","category-industria-agroalimentaria-es","category-harineras-y-derivados","tag-cervera-es","tag-segarra-es"],"acf":[],"yoast_head":"<!-- This site is optimized with the Yoast SEO plugin v21.3 - https:\/\/yoast.com\/wordpress\/plugins\/seo\/ -->\n<title>Harinera del Sindicat Agr\u00edcola de Cervera - MNACTEC<\/title>\n<meta name=\"robots\" content=\"index, follow, max-snippet:-1, max-image-preview:large, max-video-preview:-1\" \/>\n<link rel=\"canonical\" href=\"https:\/\/150elements.mnactec.cat\/es\/company\/harinera-del-sindicat-agricola-de-cervera\/\" \/>\n<meta property=\"og:locale\" content=\"es_ES\" \/>\n<meta property=\"og:type\" content=\"article\" \/>\n<meta property=\"og:title\" content=\"Harinera del Sindicat Agr\u00edcola de Cervera - MNACTEC\" \/>\n<meta property=\"og:description\" content=\"La Harinera del Sindicato Agr\u00edcola de Cervera es un edificio modernista proyectado por el arquitecto C\u00e8sar Martinell entre 1920 y 1922. Situada al pie de la v\u00eda del tren y en las afueras del n\u00facleo, fue construida por encargo del antiguo Sindicato Agr\u00edcola de Cervera. La harinera es un edificio de caracter\u00edsticas diferentes de las [&hellip;]\" \/>\n<meta property=\"og:url\" content=\"https:\/\/150elements.mnactec.cat\/es\/company\/harinera-del-sindicat-agricola-de-cervera\/\" \/>\n<meta property=\"og:site_name\" content=\"MNACTEC\" \/>\n<meta property=\"article:publisher\" content=\"https:\/\/www.facebook.com\/mnactec\" \/>\n<meta property=\"article:published_time\" content=\"2023-07-11T16:09:30+00:00\" \/>\n<meta property=\"article:modified_time\" content=\"2023-07-26T10:42:45+00:00\" \/>\n<meta property=\"og:image\" content=\"https:\/\/150elements.mnactec.cat\/wp-content\/uploads\/2023\/06\/67-Farinera-Sindicat-Agri-cola-Cervera-Foto-Ramon-Blanch.jpg\" \/>\n\t<meta property=\"og:image:width\" content=\"800\" \/>\n\t<meta property=\"og:image:height\" content=\"600\" \/>\n\t<meta property=\"og:image:type\" content=\"image\/jpeg\" \/>\n<meta name=\"author\" content=\"Judit\" \/>\n<meta name=\"twitter:card\" content=\"summary_large_image\" \/>\n<meta name=\"twitter:creator\" content=\"@mnactec\" \/>\n<meta name=\"twitter:site\" content=\"@mnactec\" \/>\n<meta name=\"twitter:label1\" content=\"Escrito por\" \/>\n\t<meta name=\"twitter:data1\" content=\"Judit\" \/>\n\t<meta name=\"twitter:label2\" content=\"Tiempo de lectura\" \/>\n\t<meta name=\"twitter:data2\" content=\"2 minutos\" \/>\n<script type=\"application\/ld+json\" class=\"yoast-schema-graph\">{\"@context\":\"https:\/\/schema.org\",\"@graph\":[{\"@type\":\"Article\",\"@id\":\"https:\/\/150elements.mnactec.cat\/es\/company\/harinera-del-sindicat-agricola-de-cervera\/#article\",\"isPartOf\":{\"@id\":\"https:\/\/150elements.mnactec.cat\/es\/company\/harinera-del-sindicat-agricola-de-cervera\/\"},\"author\":{\"name\":\"Judit\",\"@id\":\"https:\/\/150elements.mnactec.cat\/es\/#\/schema\/person\/9661a4c501f1aa5ee4cc0204ae8a7243\"},\"headline\":\"Harinera del Sindicat Agr\u00edcola de Cervera\",\"datePublished\":\"2023-07-11T16:09:30+00:00\",\"dateModified\":\"2023-07-26T10:42:45+00:00\",\"mainEntityOfPage\":{\"@id\":\"https:\/\/150elements.mnactec.cat\/es\/company\/harinera-del-sindicat-agricola-de-cervera\/\"},\"wordCount\":339,\"publisher\":{\"@id\":\"https:\/\/150elements.mnactec.cat\/es\/#organization\"},\"keywords\":[\"Cervera\",\"Segarra\"],\"articleSection\":[\"ACTIVIDADES INDUSTRIALES\",\"\u2013\u00a0Industria agroalimentaria\",\"\u2013\u2013\u00a0Harineras y derivados\"],\"inLanguage\":\"es\"},{\"@type\":\"WebPage\",\"@id\":\"https:\/\/150elements.mnactec.cat\/es\/company\/harinera-del-sindicat-agricola-de-cervera\/\",\"url\":\"https:\/\/150elements.mnactec.cat\/es\/company\/harinera-del-sindicat-agricola-de-cervera\/\",\"name\":\"Harinera del Sindicat Agr\u00edcola de Cervera - MNACTEC\",\"isPartOf\":{\"@id\":\"https:\/\/150elements.mnactec.cat\/es\/#website\"},\"datePublished\":\"2023-07-11T16:09:30+00:00\",\"dateModified\":\"2023-07-26T10:42:45+00:00\",\"breadcrumb\":{\"@id\":\"https:\/\/150elements.mnactec.cat\/es\/company\/harinera-del-sindicat-agricola-de-cervera\/#breadcrumb\"},\"inLanguage\":\"es\",\"potentialAction\":[{\"@type\":\"ReadAction\",\"target\":[\"https:\/\/150elements.mnactec.cat\/es\/company\/harinera-del-sindicat-agricola-de-cervera\/\"]}]},{\"@type\":\"BreadcrumbList\",\"@id\":\"https:\/\/150elements.mnactec.cat\/es\/company\/harinera-del-sindicat-agricola-de-cervera\/#breadcrumb\",\"itemListElement\":[{\"@type\":\"ListItem\",\"position\":1,\"name\":\"Inicio\",\"item\":\"https:\/\/150elements.mnactec.cat\/es\/\"},{\"@type\":\"ListItem\",\"position\":2,\"name\":\"Harinera del Sindicat Agr\u00edcola de Cervera\"}]},{\"@type\":\"WebSite\",\"@id\":\"https:\/\/150elements.mnactec.cat\/es\/#website\",\"url\":\"https:\/\/150elements.mnactec.cat\/es\/\",\"name\":\"MNACTEC - Mapa del patrimoni industrial de Catalunya\",\"description\":\"Mapa del patrimoni industrial de Catalunya. 150 elements imprescindibles\",\"publisher\":{\"@id\":\"https:\/\/150elements.mnactec.cat\/es\/#organization\"},\"alternateName\":\"MNACTEC - 150 elements\",\"potentialAction\":[{\"@type\":\"SearchAction\",\"target\":{\"@type\":\"EntryPoint\",\"urlTemplate\":\"https:\/\/150elements.mnactec.cat\/es\/?s={search_term_string}\"},\"query-input\":\"required name=search_term_string\"}],\"inLanguage\":\"es\"},{\"@type\":\"Organization\",\"@id\":\"https:\/\/150elements.mnactec.cat\/es\/#organization\",\"name\":\"MNACTEC\",\"alternateName\":\"MNACTEC\",\"url\":\"https:\/\/150elements.mnactec.cat\/es\/\",\"logo\":{\"@type\":\"ImageObject\",\"inLanguage\":\"es\",\"@id\":\"https:\/\/150elements.mnactec.cat\/es\/#\/schema\/logo\/image\/\",\"url\":\"https:\/\/150elements.mnactec.cat\/wp-content\/uploads\/2023\/05\/logo_mnactec.svg\",\"contentUrl\":\"https:\/\/150elements.mnactec.cat\/wp-content\/uploads\/2023\/05\/logo_mnactec.svg\",\"width\":1,\"height\":1,\"caption\":\"MNACTEC\"},\"image\":{\"@id\":\"https:\/\/150elements.mnactec.cat\/es\/#\/schema\/logo\/image\/\"},\"sameAs\":[\"https:\/\/www.facebook.com\/mnactec\",\"https:\/\/twitter.com\/mnactec\",\"https:\/\/www.instagram.com\/mnactec\/\",\"https:\/\/www.youtube.com\/user\/mnactec\"]},{\"@type\":\"Person\",\"@id\":\"https:\/\/150elements.mnactec.cat\/es\/#\/schema\/person\/9661a4c501f1aa5ee4cc0204ae8a7243\",\"name\":\"Judit\",\"image\":{\"@type\":\"ImageObject\",\"inLanguage\":\"es\",\"@id\":\"https:\/\/150elements.mnactec.cat\/es\/#\/schema\/person\/image\/\",\"url\":\"https:\/\/secure.gravatar.com\/avatar\/beb3c354ee3f13ce1739c3d767b2e63528e41d783ac831c77e11b3bfd98a0e65?s=96&d=mm&r=g\",\"contentUrl\":\"https:\/\/secure.gravatar.com\/avatar\/beb3c354ee3f13ce1739c3d767b2e63528e41d783ac831c77e11b3bfd98a0e65?s=96&d=mm&r=g\",\"caption\":\"Judit\"},\"sameAs\":[\"https:\/\/150elements.mnactec.cat\"]}]}<\/script>\n<!-- \/ Yoast SEO plugin. -->","yoast_head_json":{"title":"Harinera del Sindicat Agr\u00edcola de Cervera - MNACTEC","robots":{"index":"index","follow":"follow","max-snippet":"max-snippet:-1","max-image-preview":"max-image-preview:large","max-video-preview":"max-video-preview:-1"},"canonical":"https:\/\/150elements.mnactec.cat\/es\/company\/harinera-del-sindicat-agricola-de-cervera\/","og_locale":"es_ES","og_type":"article","og_title":"Harinera del Sindicat Agr\u00edcola de Cervera - MNACTEC","og_description":"La Harinera del Sindicato Agr\u00edcola de Cervera es un edificio modernista proyectado por el arquitecto C\u00e8sar Martinell entre 1920 y 1922. Situada al pie de la v\u00eda del tren y en las afueras del n\u00facleo, fue construida por encargo del antiguo Sindicato Agr\u00edcola de Cervera. La harinera es un edificio de caracter\u00edsticas diferentes de las [&hellip;]","og_url":"https:\/\/150elements.mnactec.cat\/es\/company\/harinera-del-sindicat-agricola-de-cervera\/","og_site_name":"MNACTEC","article_publisher":"https:\/\/www.facebook.com\/mnactec","article_published_time":"2023-07-11T16:09:30+00:00","article_modified_time":"2023-07-26T10:42:45+00:00","og_image":[{"width":800,"height":600,"url":"https:\/\/150elements.mnactec.cat\/wp-content\/uploads\/2023\/06\/67-Farinera-Sindicat-Agri-cola-Cervera-Foto-Ramon-Blanch.jpg","type":"image\/jpeg"}],"author":"Judit","twitter_card":"summary_large_image","twitter_creator":"@mnactec","twitter_site":"@mnactec","twitter_misc":{"Escrito por":"Judit","Tiempo de lectura":"2 minutos"},"schema":{"@context":"https:\/\/schema.org","@graph":[{"@type":"Article","@id":"https:\/\/150elements.mnactec.cat\/es\/company\/harinera-del-sindicat-agricola-de-cervera\/#article","isPartOf":{"@id":"https:\/\/150elements.mnactec.cat\/es\/company\/harinera-del-sindicat-agricola-de-cervera\/"},"author":{"name":"Judit","@id":"https:\/\/150elements.mnactec.cat\/es\/#\/schema\/person\/9661a4c501f1aa5ee4cc0204ae8a7243"},"headline":"Harinera del Sindicat Agr\u00edcola de Cervera","datePublished":"2023-07-11T16:09:30+00:00","dateModified":"2023-07-26T10:42:45+00:00","mainEntityOfPage":{"@id":"https:\/\/150elements.mnactec.cat\/es\/company\/harinera-del-sindicat-agricola-de-cervera\/"},"wordCount":339,"publisher":{"@id":"https:\/\/150elements.mnactec.cat\/es\/#organization"},"keywords":["Cervera","Segarra"],"articleSection":["ACTIVIDADES INDUSTRIALES","\u2013\u00a0Industria agroalimentaria","\u2013\u2013\u00a0Harineras y derivados"],"inLanguage":"es"},{"@type":"WebPage","@id":"https:\/\/150elements.mnactec.cat\/es\/company\/harinera-del-sindicat-agricola-de-cervera\/","url":"https:\/\/150elements.mnactec.cat\/es\/company\/harinera-del-sindicat-agricola-de-cervera\/","name":"Harinera del Sindicat Agr\u00edcola de Cervera - MNACTEC","isPartOf":{"@id":"https:\/\/150elements.mnactec.cat\/es\/#website"},"datePublished":"2023-07-11T16:09:30+00:00","dateModified":"2023-07-26T10:42:45+00:00","breadcrumb":{"@id":"https:\/\/150elements.mnactec.cat\/es\/company\/harinera-del-sindicat-agricola-de-cervera\/#breadcrumb"},"inLanguage":"es","potentialAction":[{"@type":"ReadAction","target":["https:\/\/150elements.mnactec.cat\/es\/company\/harinera-del-sindicat-agricola-de-cervera\/"]}]},{"@type":"BreadcrumbList","@id":"https:\/\/150elements.mnactec.cat\/es\/company\/harinera-del-sindicat-agricola-de-cervera\/#breadcrumb","itemListElement":[{"@type":"ListItem","position":1,"name":"Inicio","item":"https:\/\/150elements.mnactec.cat\/es\/"},{"@type":"ListItem","position":2,"name":"Harinera del Sindicat Agr\u00edcola de Cervera"}]},{"@type":"WebSite","@id":"https:\/\/150elements.mnactec.cat\/es\/#website","url":"https:\/\/150elements.mnactec.cat\/es\/","name":"MNACTEC - Mapa del patrimoni industrial de Catalunya","description":"Mapa del patrimoni industrial de Catalunya. 150 elements imprescindibles","publisher":{"@id":"https:\/\/150elements.mnactec.cat\/es\/#organization"},"alternateName":"MNACTEC - 150 elements","potentialAction":[{"@type":"SearchAction","target":{"@type":"EntryPoint","urlTemplate":"https:\/\/150elements.mnactec.cat\/es\/?s={search_term_string}"},"query-input":"required name=search_term_string"}],"inLanguage":"es"},{"@type":"Organization","@id":"https:\/\/150elements.mnactec.cat\/es\/#organization","name":"MNACTEC","alternateName":"MNACTEC","url":"https:\/\/150elements.mnactec.cat\/es\/","logo":{"@type":"ImageObject","inLanguage":"es","@id":"https:\/\/150elements.mnactec.cat\/es\/#\/schema\/logo\/image\/","url":"https:\/\/150elements.mnactec.cat\/wp-content\/uploads\/2023\/05\/logo_mnactec.svg","contentUrl":"https:\/\/150elements.mnactec.cat\/wp-content\/uploads\/2023\/05\/logo_mnactec.svg","width":1,"height":1,"caption":"MNACTEC"},"image":{"@id":"https:\/\/150elements.mnactec.cat\/es\/#\/schema\/logo\/image\/"},"sameAs":["https:\/\/www.facebook.com\/mnactec","https:\/\/twitter.com\/mnactec","https:\/\/www.instagram.com\/mnactec\/","https:\/\/www.youtube.com\/user\/mnactec"]},{"@type":"Person","@id":"https:\/\/150elements.mnactec.cat\/es\/#\/schema\/person\/9661a4c501f1aa5ee4cc0204ae8a7243","name":"Judit","image":{"@type":"ImageObject","inLanguage":"es","@id":"https:\/\/150elements.mnactec.cat\/es\/#\/schema\/person\/image\/","url":"https:\/\/secure.gravatar.com\/avatar\/beb3c354ee3f13ce1739c3d767b2e63528e41d783ac831c77e11b3bfd98a0e65?s=96&d=mm&r=g","contentUrl":"https:\/\/secure.gravatar.com\/avatar\/beb3c354ee3f13ce1739c3d767b2e63528e41d783ac831c77e11b3bfd98a0e65?s=96&d=mm&r=g","caption":"Judit"},"sameAs":["https:\/\/150elements.mnactec.cat"]}]}},"_links":{"self":[{"href":"https:\/\/150elements.mnactec.cat\/es\/wp-json\/wp\/v2\/posts\/4124","targetHints":{"allow":["GET"]}}],"collection":[{"href":"https:\/\/150elements.mnactec.cat\/es\/wp-json\/wp\/v2\/posts"}],"about":[{"href":"https:\/\/150elements.mnactec.cat\/es\/wp-json\/wp\/v2\/types\/post"}],"author":[{"embeddable":true,"href":"https:\/\/150elements.mnactec.cat\/es\/wp-json\/wp\/v2\/users\/1"}],"replies":[{"embeddable":true,"href":"https:\/\/150elements.mnactec.cat\/es\/wp-json\/wp\/v2\/comments?post=4124"}],"version-history":[{"count":0,"href":"https:\/\/150elements.mnactec.cat\/es\/wp-json\/wp\/v2\/posts\/4124\/revisions"}],"wp:featuredmedia":[{"embeddable":true,"href":"https:\/\/150elements.mnactec.cat\/es\/wp-json\/wp\/v2\/media\/2199"}],"wp:attachment":[{"href":"https:\/\/150elements.mnactec.cat\/es\/wp-json\/wp\/v2\/media?parent=4124"}],"wp:term":[{"taxonomy":"category","embeddable":true,"href":"https:\/\/150elements.mnactec.cat\/es\/wp-json\/wp\/v2\/categories?post=4124"},{"taxonomy":"post_tag","embeddable":true,"href":"https:\/\/150elements.mnactec.cat\/es\/wp-json\/wp\/v2\/tags?post=4124"}],"curies":[{"name":"wp","href":"https:\/\/api.w.org\/{rel}","templated":true}]}}